{"id":2957,"date":"2016-04-17T18:06:47","date_gmt":"2016-04-17T18:06:47","guid":{"rendered":"http:\/\/gtvw.net\/es\/clip-aussel-plays-weiss\/"},"modified":"2016-04-17T19:29:34","modified_gmt":"2016-04-17T19:29:34","slug":"clip-aussel-interpreta-weiss","status":"publish","type":"post","link":"https:\/\/gtvw.net\/es\/clip-aussel-interpreta-weiss\/","title":{"rendered":"Clip: Aussel interpreta Weiss"},"content":{"rendered":"<div class=\"wpb-content-wrapper\"><p>[vc_row][vc_column][vc_column_text]<\/p>\n<p style=\"text-align: justify;\"><span style=\"color: #000000;\"><b>Silvius Leopold Weiss<\/b> (Breslau, Silesia -actual Wroc\u0142aw en Polonia-, 12 de octubre de 1687 &#8211; Dresde, 16 de octubre de 1750) fue un compositor y laudista alem\u00e1n del Barroco.<\/span><\/p>\n<p style=\"text-align: justify;\"><span style=\"color: #000000;\">Fue el hijo del tambi\u00e9n m\u00fasico y laudista Johann Jacob Weiss. Hasta hace poco se cre\u00eda que hab\u00eda nacido en 1686, pero recientes investigaciones indican que el a\u00f1o de su nacimiento fue 1687. A los 7 a\u00f1os actu\u00f3 ante el Emperador del Sacro Imperio Romano Germ\u00e1nico Leopoldo I de Habsburgo. En 1706 estaba al servicio del Conde Karl III Philip del Palatinado, que por aquel entonces resid\u00eda en Breslau.<\/span><\/p>\n<p style=\"text-align: justify;\"><span style=\"color: #000000;\">Entre 1710\u201314 estuvo en Roma bajo la protecci\u00f3n del pr\u00edncipe polaco Aleksander Benedykt Sobieski, hijo de Juan III Sobieski. All\u00ed entr\u00f3 en contacto con Alessandro Scarlatti y su hijo Domenico Scarlatti que estaban al servicio de la madre del Pr\u00edncipe Aleksander, la reina en el exilio Mar\u00eda Casimira.<\/span><\/p>\n<p style=\"text-align: justify;\"><span style=\"color: #000000;\">El 23 de agosto de 1718 fue nombrado m\u00fasico de c\u00e1mara del Pr\u00edncipe Elector de Sajonia Augusto. All\u00ed permaneci\u00f3 gozando de una buena situaci\u00f3n econ\u00f3mica y profesional hasta su muerte.<\/span><\/p>\n<p style=\"text-align: justify;\"><span style=\"color: #000000;\">Este puesto le dio la oportunidad de contactar con algunos de los mejores m\u00fasicos de la \u00e9poca, entre ellos Johann Sebastian Bach, con quien interpret\u00f3 obras de forma conjunta y lleg\u00f3 a gozar de gran amistad. Tambi\u00e9n le obligaba a frecuentes viajes, como el que realiz\u00f3 entre finales de 1718 y principios de 1719 junto con otros doce m\u00fasicos de la corte a Viena con motivo de la boda del Elector de Sajonia.<\/span><\/p>\n<p style=\"text-align: justify;\"><span style=\"color: #000000;\">\u00a0<\/span><\/p>\n<p style=\"text-align: justify;\"><span style=\"color: #000000;\">La sonata No. 23 en La menor, pertenece a las obras para Laud \u00a0que conforman el manuscrito de Londres. El primer movimiento \u00abEntr\u00e9e\u00bb cumple la funci\u00f3n de una obertura aunque de una manera din\u00e1mica y grandiosa, posiblemente trayendo a la mente la gloria del Rey Johann Sobieski<a style=\"color: #000000;\" href=\"http:\/\/www.slweiss.com\/MsLondres\/an_MsLondres_Suite23.html\" target=\"_blank\">*<\/a>.<\/span><\/p>\n<p style=\"text-align: justify;\"><span style=\"color: #000000;\">Disfrute de esta maravillosa interpretaci\u00f3n del guitarrista argentino Roberto Aussel, grabada y producida exclusivamente por Guitar TV World.<\/span><\/p>\n<p style=\"text-align: justify;\"><span style=\"color: #000000;\">Fuentes:\u00a0<a style=\"color: #000000;\" href=\"https:\/\/es.wikipedia.org\/wiki\/Silvius_Leopold_Weiss\" target=\"_blank\">Wikipedia<\/a>, <a style=\"color: #000000;\" href=\"http:\/\/www.slweiss.com\/MsLondres\/an_MsLondres_Suite23.html\" target=\"_blank\">Michel Cardin<\/a><\/span><\/p>\n<p>[\/vc_column_text][\/vc_column][\/vc_row]<\/p>\n<\/div>","protected":false},"excerpt":{"rendered":"<p>Entr\u00e9e de la Sonata 23 in la menor \u00abL&#8217;infidele\u00bb de Silvius Leopold Weiss<\/p>\n","protected":false},"author":7,"featured_media":2950,"comment_status":"closed","ping_status":"open","sticky":false,"template":"","format":"video","meta":{"footnotes":""},"categories":[105,88,85],"tags":[],"video-series":[],"class_list":["post-2957","post","type-post","status-publish","format-video","has-post-thumbnail","hentry","category-roberto-aussel-es","category-sleider","category-video-clips","post_format-post-format-video"],"yoast_head":"<!-- This site is optimized with the Yoast SEO plugin v26.7 - https:\/\/yoast.com\/wordpress\/plugins\/seo\/ -->\n<title>Clip: Aussel interpreta Weiss - GTVW Music Television<\/title>\n<meta name=\"robots\" content=\"index, follow, max-snippet:-1, max-image-preview:large, max-video-preview:-1\" \/>\n<link rel=\"canonical\" href=\"https:\/\/gtvw.net\/es\/clip-aussel-interpreta-weiss\/\" \/>\n<meta property=\"og:locale\" content=\"es_ES\" \/>\n<meta property=\"og:type\" content=\"article\" \/>\n<meta property=\"og:title\" content=\"Clip: Aussel interpreta Weiss - GTVW Music Television\" \/>\n<meta property=\"og:description\" content=\"Entr\u00e9e de la Sonata 23 in la menor &quot;L&#039;infidele&quot; de Silvius Leopold Weiss\" \/>\n<meta property=\"og:url\" content=\"https:\/\/gtvw.net\/es\/clip-aussel-interpreta-weiss\/\" \/>\n<meta property=\"og:site_name\" content=\"GTVW Music Television\" \/>\n<meta property=\"article:published_time\" content=\"2016-04-17T18:06:47+00:00\" \/>\n<meta property=\"article:modified_time\" content=\"2016-04-17T19:29:34+00:00\" \/>\n<meta property=\"og:image\" content=\"https:\/\/gtvw.net\/wp-content\/uploads\/2016\/04\/Portada_Weiss2.jpg\" \/>\n\t<meta property=\"og:image:width\" content=\"1920\" \/>\n\t<meta property=\"og:image:height\" content=\"1080\" \/>\n\t<meta property=\"og:image:type\" content=\"image\/jpeg\" \/>\n<meta name=\"author\" content=\"Guitar TV World\" \/>\n<meta name=\"twitter:card\" content=\"summary_large_image\" \/>\n<meta name=\"twitter:label1\" content=\"Escrito por\" \/>\n\t<meta name=\"twitter:data1\" content=\"Guitar TV World\" \/>\n\t<meta name=\"twitter:label2\" content=\"Tiempo de lectura\" \/>\n\t<meta name=\"twitter:data2\" content=\"2 minutos\" \/>\n<script type=\"application\/ld+json\" class=\"yoast-schema-graph\">{\"@context\":\"https:\/\/schema.org\",\"@graph\":[{\"@type\":\"Article\",\"@id\":\"https:\/\/gtvw.net\/es\/clip-aussel-interpreta-weiss\/#article\",\"isPartOf\":{\"@id\":\"https:\/\/gtvw.net\/es\/clip-aussel-interpreta-weiss\/\"},\"author\":{\"name\":\"Guitar TV World\",\"@id\":\"https:\/\/gtvw.net\/#\/schema\/person\/c01dfbc64dde85ff3e683fe27b73c6e1\"},\"headline\":\"Clip: Aussel interpreta Weiss\",\"datePublished\":\"2016-04-17T18:06:47+00:00\",\"dateModified\":\"2016-04-17T19:29:34+00:00\",\"mainEntityOfPage\":{\"@id\":\"https:\/\/gtvw.net\/es\/clip-aussel-interpreta-weiss\/\"},\"wordCount\":348,\"publisher\":{\"@id\":\"https:\/\/gtvw.net\/#organization\"},\"image\":{\"@id\":\"https:\/\/gtvw.net\/es\/clip-aussel-interpreta-weiss\/#primaryimage\"},\"thumbnailUrl\":\"https:\/\/gtvw.net\/wp-content\/uploads\/2016\/04\/Portada_Weiss2.jpg\",\"articleSection\":[\"Roberto Aussel\",\"Slider\",\"video clips\"],\"inLanguage\":\"es\"},{\"@type\":\"WebPage\",\"@id\":\"https:\/\/gtvw.net\/es\/clip-aussel-interpreta-weiss\/\",\"url\":\"https:\/\/gtvw.net\/es\/clip-aussel-interpreta-weiss\/\",\"name\":\"Clip: Aussel interpreta Weiss - GTVW Music Television\",\"isPartOf\":{\"@id\":\"https:\/\/gtvw.net\/#website\"},\"primaryImageOfPage\":{\"@id\":\"https:\/\/gtvw.net\/es\/clip-aussel-interpreta-weiss\/#primaryimage\"},\"image\":{\"@id\":\"https:\/\/gtvw.net\/es\/clip-aussel-interpreta-weiss\/#primaryimage\"},\"thumbnailUrl\":\"https:\/\/gtvw.net\/wp-content\/uploads\/2016\/04\/Portada_Weiss2.jpg\",\"datePublished\":\"2016-04-17T18:06:47+00:00\",\"dateModified\":\"2016-04-17T19:29:34+00:00\",\"breadcrumb\":{\"@id\":\"https:\/\/gtvw.net\/es\/clip-aussel-interpreta-weiss\/#breadcrumb\"},\"inLanguage\":\"es\",\"potentialAction\":[{\"@type\":\"ReadAction\",\"target\":[\"https:\/\/gtvw.net\/es\/clip-aussel-interpreta-weiss\/\"]}]},{\"@type\":\"ImageObject\",\"inLanguage\":\"es\",\"@id\":\"https:\/\/gtvw.net\/es\/clip-aussel-interpreta-weiss\/#primaryimage\",\"url\":\"https:\/\/gtvw.net\/wp-content\/uploads\/2016\/04\/Portada_Weiss2.jpg\",\"contentUrl\":\"https:\/\/gtvw.net\/wp-content\/uploads\/2016\/04\/Portada_Weiss2.jpg\",\"width\":1920,\"height\":1080},{\"@type\":\"BreadcrumbList\",\"@id\":\"https:\/\/gtvw.net\/es\/clip-aussel-interpreta-weiss\/#breadcrumb\",\"itemListElement\":[{\"@type\":\"ListItem\",\"position\":1,\"name\":\"Home\",\"item\":\"https:\/\/gtvw.net\/es\/\"},{\"@type\":\"ListItem\",\"position\":2,\"name\":\"Clip: Aussel interpreta Weiss\"}]},{\"@type\":\"WebSite\",\"@id\":\"https:\/\/gtvw.net\/#website\",\"url\":\"https:\/\/gtvw.net\/\",\"name\":\"Guitar TV World\",\"description\":\"\",\"publisher\":{\"@id\":\"https:\/\/gtvw.net\/#organization\"},\"potentialAction\":[{\"@type\":\"SearchAction\",\"target\":{\"@type\":\"EntryPoint\",\"urlTemplate\":\"https:\/\/gtvw.net\/?s={search_term_string}\"},\"query-input\":{\"@type\":\"PropertyValueSpecification\",\"valueRequired\":true,\"valueName\":\"search_term_string\"}}],\"inLanguage\":\"es\"},{\"@type\":\"Organization\",\"@id\":\"https:\/\/gtvw.net\/#organization\",\"name\":\"Guitar TV World\",\"url\":\"https:\/\/gtvw.net\/\",\"logo\":{\"@type\":\"ImageObject\",\"inLanguage\":\"es\",\"@id\":\"https:\/\/gtvw.net\/#\/schema\/logo\/image\/\",\"url\":\"https:\/\/gtvw.net\/wp-content\/uploads\/2015\/08\/Horizont_Transp_clara.png\",\"contentUrl\":\"https:\/\/gtvw.net\/wp-content\/uploads\/2015\/08\/Horizont_Transp_clara.png\",\"width\":333,\"height\":67,\"caption\":\"Guitar TV World\"},\"image\":{\"@id\":\"https:\/\/gtvw.net\/#\/schema\/logo\/image\/\"}},{\"@type\":\"Person\",\"@id\":\"https:\/\/gtvw.net\/#\/schema\/person\/c01dfbc64dde85ff3e683fe27b73c6e1\",\"name\":\"Guitar TV World\",\"image\":{\"@type\":\"ImageObject\",\"inLanguage\":\"es\",\"@id\":\"https:\/\/gtvw.net\/#\/schema\/person\/image\/\",\"url\":\"https:\/\/secure.gravatar.com\/avatar\/22d96cd4ac459955f9631d0958f38f05dc109c74dc235456b6ee2559abd29c68?s=96&r=g\",\"contentUrl\":\"https:\/\/secure.gravatar.com\/avatar\/22d96cd4ac459955f9631d0958f38f05dc109c74dc235456b6ee2559abd29c68?s=96&r=g\",\"caption\":\"Guitar TV World\"},\"url\":\"https:\/\/gtvw.net\/es\/author\/guitar-tv-world\/\"}]}<\/script>\n<!-- \/ Yoast SEO plugin. -->","yoast_head_json":{"title":"Clip: Aussel interpreta Weiss - GTVW Music Television","robots":{"index":"index","follow":"follow","max-snippet":"max-snippet:-1","max-image-preview":"max-image-preview:large","max-video-preview":"max-video-preview:-1"},"canonical":"https:\/\/gtvw.net\/es\/clip-aussel-interpreta-weiss\/","og_locale":"es_ES","og_type":"article","og_title":"Clip: Aussel interpreta Weiss - GTVW Music Television","og_description":"Entr\u00e9e de la Sonata 23 in la menor \"L'infidele\" de Silvius Leopold Weiss","og_url":"https:\/\/gtvw.net\/es\/clip-aussel-interpreta-weiss\/","og_site_name":"GTVW Music Television","article_published_time":"2016-04-17T18:06:47+00:00","article_modified_time":"2016-04-17T19:29:34+00:00","og_image":[{"width":1920,"height":1080,"url":"https:\/\/gtvw.net\/wp-content\/uploads\/2016\/04\/Portada_Weiss2.jpg","type":"image\/jpeg"}],"author":"Guitar TV World","twitter_card":"summary_large_image","twitter_misc":{"Escrito por":"Guitar TV World","Tiempo de lectura":"2 minutos"},"schema":{"@context":"https:\/\/schema.org","@graph":[{"@type":"Article","@id":"https:\/\/gtvw.net\/es\/clip-aussel-interpreta-weiss\/#article","isPartOf":{"@id":"https:\/\/gtvw.net\/es\/clip-aussel-interpreta-weiss\/"},"author":{"name":"Guitar TV World","@id":"https:\/\/gtvw.net\/#\/schema\/person\/c01dfbc64dde85ff3e683fe27b73c6e1"},"headline":"Clip: Aussel interpreta Weiss","datePublished":"2016-04-17T18:06:47+00:00","dateModified":"2016-04-17T19:29:34+00:00","mainEntityOfPage":{"@id":"https:\/\/gtvw.net\/es\/clip-aussel-interpreta-weiss\/"},"wordCount":348,"publisher":{"@id":"https:\/\/gtvw.net\/#organization"},"image":{"@id":"https:\/\/gtvw.net\/es\/clip-aussel-interpreta-weiss\/#primaryimage"},"thumbnailUrl":"https:\/\/gtvw.net\/wp-content\/uploads\/2016\/04\/Portada_Weiss2.jpg","articleSection":["Roberto Aussel","Slider","video clips"],"inLanguage":"es"},{"@type":"WebPage","@id":"https:\/\/gtvw.net\/es\/clip-aussel-interpreta-weiss\/","url":"https:\/\/gtvw.net\/es\/clip-aussel-interpreta-weiss\/","name":"Clip: Aussel interpreta Weiss - GTVW Music Television","isPartOf":{"@id":"https:\/\/gtvw.net\/#website"},"primaryImageOfPage":{"@id":"https:\/\/gtvw.net\/es\/clip-aussel-interpreta-weiss\/#primaryimage"},"image":{"@id":"https:\/\/gtvw.net\/es\/clip-aussel-interpreta-weiss\/#primaryimage"},"thumbnailUrl":"https:\/\/gtvw.net\/wp-content\/uploads\/2016\/04\/Portada_Weiss2.jpg","datePublished":"2016-04-17T18:06:47+00:00","dateModified":"2016-04-17T19:29:34+00:00","breadcrumb":{"@id":"https:\/\/gtvw.net\/es\/clip-aussel-interpreta-weiss\/#breadcrumb"},"inLanguage":"es","potentialAction":[{"@type":"ReadAction","target":["https:\/\/gtvw.net\/es\/clip-aussel-interpreta-weiss\/"]}]},{"@type":"ImageObject","inLanguage":"es","@id":"https:\/\/gtvw.net\/es\/clip-aussel-interpreta-weiss\/#primaryimage","url":"https:\/\/gtvw.net\/wp-content\/uploads\/2016\/04\/Portada_Weiss2.jpg","contentUrl":"https:\/\/gtvw.net\/wp-content\/uploads\/2016\/04\/Portada_Weiss2.jpg","width":1920,"height":1080},{"@type":"BreadcrumbList","@id":"https:\/\/gtvw.net\/es\/clip-aussel-interpreta-weiss\/#breadcrumb","itemListElement":[{"@type":"ListItem","position":1,"name":"Home","item":"https:\/\/gtvw.net\/es\/"},{"@type":"ListItem","position":2,"name":"Clip: Aussel interpreta Weiss"}]},{"@type":"WebSite","@id":"https:\/\/gtvw.net\/#website","url":"https:\/\/gtvw.net\/","name":"Guitar TV World","description":"","publisher":{"@id":"https:\/\/gtvw.net\/#organization"},"potentialAction":[{"@type":"SearchAction","target":{"@type":"EntryPoint","urlTemplate":"https:\/\/gtvw.net\/?s={search_term_string}"},"query-input":{"@type":"PropertyValueSpecification","valueRequired":true,"valueName":"search_term_string"}}],"inLanguage":"es"},{"@type":"Organization","@id":"https:\/\/gtvw.net\/#organization","name":"Guitar TV World","url":"https:\/\/gtvw.net\/","logo":{"@type":"ImageObject","inLanguage":"es","@id":"https:\/\/gtvw.net\/#\/schema\/logo\/image\/","url":"https:\/\/gtvw.net\/wp-content\/uploads\/2015\/08\/Horizont_Transp_clara.png","contentUrl":"https:\/\/gtvw.net\/wp-content\/uploads\/2015\/08\/Horizont_Transp_clara.png","width":333,"height":67,"caption":"Guitar TV World"},"image":{"@id":"https:\/\/gtvw.net\/#\/schema\/logo\/image\/"}},{"@type":"Person","@id":"https:\/\/gtvw.net\/#\/schema\/person\/c01dfbc64dde85ff3e683fe27b73c6e1","name":"Guitar TV World","image":{"@type":"ImageObject","inLanguage":"es","@id":"https:\/\/gtvw.net\/#\/schema\/person\/image\/","url":"https:\/\/secure.gravatar.com\/avatar\/22d96cd4ac459955f9631d0958f38f05dc109c74dc235456b6ee2559abd29c68?s=96&r=g","contentUrl":"https:\/\/secure.gravatar.com\/avatar\/22d96cd4ac459955f9631d0958f38f05dc109c74dc235456b6ee2559abd29c68?s=96&r=g","caption":"Guitar TV World"},"url":"https:\/\/gtvw.net\/es\/author\/guitar-tv-world\/"}]}},"_links":{"self":[{"href":"https:\/\/gtvw.net\/es\/wp-json\/wp\/v2\/posts\/2957","targetHints":{"allow":["GET"]}}],"collection":[{"href":"https:\/\/gtvw.net\/es\/wp-json\/wp\/v2\/posts"}],"about":[{"href":"https:\/\/gtvw.net\/es\/wp-json\/wp\/v2\/types\/post"}],"author":[{"embeddable":true,"href":"https:\/\/gtvw.net\/es\/wp-json\/wp\/v2\/users\/7"}],"replies":[{"embeddable":true,"href":"https:\/\/gtvw.net\/es\/wp-json\/wp\/v2\/comments?post=2957"}],"version-history":[{"count":4,"href":"https:\/\/gtvw.net\/es\/wp-json\/wp\/v2\/posts\/2957\/revisions"}],"predecessor-version":[{"id":2969,"href":"https:\/\/gtvw.net\/es\/wp-json\/wp\/v2\/posts\/2957\/revisions\/2969"}],"wp:featuredmedia":[{"embeddable":true,"href":"https:\/\/gtvw.net\/es\/wp-json\/wp\/v2\/media\/2950"}],"wp:attachment":[{"href":"https:\/\/gtvw.net\/es\/wp-json\/wp\/v2\/media?parent=2957"}],"wp:term":[{"taxonomy":"category","embeddable":true,"href":"https:\/\/gtvw.net\/es\/wp-json\/wp\/v2\/categories?post=2957"},{"taxonomy":"post_tag","embeddable":true,"href":"https:\/\/gtvw.net\/es\/wp-json\/wp\/v2\/tags?post=2957"},{"taxonomy":"video-series","embeddable":true,"href":"https:\/\/gtvw.net\/es\/wp-json\/wp\/v2\/video-series?post=2957"}],"curies":[{"name":"wp","href":"https:\/\/api.w.org\/{rel}","templated":true}]}}