{"id":2927,"date":"2016-03-20T17:30:45","date_gmt":"2016-03-20T17:30:45","guid":{"rendered":"http:\/\/gtvw.net\/es\/dialogues-interview-with-roberto-aussel-1\/"},"modified":"2016-05-22T17:53:53","modified_gmt":"2016-05-22T17:53:53","slug":"dialogues_aussel-1","status":"publish","type":"post","link":"https:\/\/gtvw.net\/es\/dialogues_aussel-1\/","title":{"rendered":"Dialogues: Entrevista Roberto Aussel I"},"content":{"rendered":"<div class=\"wpb-content-wrapper\"><p>[vc_row][vc_column][vc_column_text]<\/p>\n<p style=\"text-align: justify;\"><span style=\"color: #000000;\">Guitar TV World presenta la primera parte de la entrevista realizada al guitarrista argentino\u00a0Roberto Aussel. La entrevista se realiz\u00f3 en la ciudad de Colonia, Alemania. Roberto Aussel nos habl\u00f3 de sus inicios y de sus experiencias junto al compositor Astor Piazzolla quien escribiera para \u00e9l su primera composici\u00f3n para guitarra sola: \u00abcinco piezas\u00bb. Tambi\u00e9n hablamos sobre c\u00f3mo este excelente m\u00fasico aborda el estudio de nuevas obras y de la problem\u00e1tica de la apertura de la guitarra a nuevas audiencias.<\/span><\/p>\n<p style=\"text-align: justify;\"><span style=\"color: #000000;\">Los invitamos a disfrutar de esta entrevista\u00a0enmarcada en un ambiente muy agradable donde predominaron interesant\u00edsimas an\u00e9cdotas y el buen humor.<\/span><\/p>\n<p>[\/vc_column_text][\/vc_column][\/vc_row][vc_row][vc_column width=\u00bb1\/2&#8243;][vc_column_text]<\/p>\n<p style=\"text-align: right;\"><span style=\"color: #000000;\">\u00a0Idioma original:\u00a0castellano<\/span><br \/>\n<span style=\"color: #000000;\">En el bot\u00f3n \u00abSettings\u00bb del reproductor de youtube<\/span><br \/>\n<span style=\"color: #000000;\">podr\u00e1 seleccionar los subt\u00edtulos en<\/span><br \/>\n<span style=\"color: #000000;\">ingl\u00e9s, franc\u00e9s, alem\u00e1n e\u00a0italiano.<\/span><\/p>\n<p>[\/vc_column_text][\/vc_column][vc_column width=\u00bb1\/2&#8243;][vc_single_image image=\u00bb2794&#8243; img_size=\u00bbfull\u00bb][\/vc_column][\/vc_row]<\/p>\n<\/div>","protected":false},"excerpt":{"rendered":"<p>Primera parte de la entrevista al Guitarrista argentino Roberto Aussel<\/p>\n","protected":false},"author":7,"featured_media":2912,"comment_status":"closed","ping_status":"open","sticky":false,"template":"","format":"video","meta":{"footnotes":""},"categories":[84,105,88],"tags":[],"video-series":[],"class_list":["post-2927","post","type-post","status-publish","format-video","has-post-thumbnail","hentry","category-dialogues-es","category-roberto-aussel-es","category-sleider","post_format-post-format-video"],"yoast_head":"<!-- This site is optimized with the Yoast SEO plugin v26.7 - https:\/\/yoast.com\/wordpress\/plugins\/seo\/ -->\n<title>Dialogues: Entrevista Roberto Aussel I - GTVW Music Television<\/title>\n<meta name=\"robots\" content=\"index, follow, max-snippet:-1, max-image-preview:large, max-video-preview:-1\" \/>\n<link rel=\"canonical\" href=\"https:\/\/gtvw.net\/es\/dialogues_aussel-1\/\" \/>\n<meta property=\"og:locale\" content=\"es_ES\" \/>\n<meta property=\"og:type\" content=\"article\" \/>\n<meta property=\"og:title\" content=\"Dialogues: Entrevista Roberto Aussel I - GTVW Music Television\" \/>\n<meta property=\"og:description\" content=\"Primera parte de la entrevista al Guitarrista argentino Roberto Aussel\" \/>\n<meta property=\"og:url\" content=\"https:\/\/gtvw.net\/es\/dialogues_aussel-1\/\" \/>\n<meta property=\"og:site_name\" content=\"GTVW Music Television\" \/>\n<meta property=\"article:published_time\" content=\"2016-03-20T17:30:45+00:00\" \/>\n<meta property=\"article:modified_time\" content=\"2016-05-22T17:53:53+00:00\" \/>\n<meta property=\"og:image\" content=\"https:\/\/gtvw.net\/wp-content\/uploads\/2016\/03\/portada_Dialogues_Rob_1.jpg\" \/>\n\t<meta property=\"og:image:width\" content=\"1920\" \/>\n\t<meta property=\"og:image:height\" content=\"1080\" \/>\n\t<meta property=\"og:image:type\" content=\"image\/jpeg\" \/>\n<meta name=\"author\" content=\"Guitar TV World\" \/>\n<meta name=\"twitter:card\" content=\"summary_large_image\" \/>\n<meta name=\"twitter:label1\" content=\"Escrito por\" \/>\n\t<meta name=\"twitter:data1\" content=\"Guitar TV World\" \/>\n\t<meta name=\"twitter:label2\" content=\"Tiempo de lectura\" \/>\n\t<meta name=\"twitter:data2\" content=\"1 minuto\" \/>\n<script type=\"application\/ld+json\" class=\"yoast-schema-graph\">{\"@context\":\"https:\/\/schema.org\",\"@graph\":[{\"@type\":\"Article\",\"@id\":\"https:\/\/gtvw.net\/es\/dialogues_aussel-1\/#article\",\"isPartOf\":{\"@id\":\"https:\/\/gtvw.net\/es\/dialogues_aussel-1\/\"},\"author\":{\"name\":\"Guitar TV World\",\"@id\":\"https:\/\/gtvw.net\/#\/schema\/person\/c01dfbc64dde85ff3e683fe27b73c6e1\"},\"headline\":\"Dialogues: Entrevista Roberto Aussel I\",\"datePublished\":\"2016-03-20T17:30:45+00:00\",\"dateModified\":\"2016-05-22T17:53:53+00:00\",\"mainEntityOfPage\":{\"@id\":\"https:\/\/gtvw.net\/es\/dialogues_aussel-1\/\"},\"wordCount\":180,\"publisher\":{\"@id\":\"https:\/\/gtvw.net\/#organization\"},\"image\":{\"@id\":\"https:\/\/gtvw.net\/es\/dialogues_aussel-1\/#primaryimage\"},\"thumbnailUrl\":\"https:\/\/gtvw.net\/wp-content\/uploads\/2016\/03\/portada_Dialogues_Rob_1.jpg\",\"articleSection\":[\"Dialogues\",\"Roberto Aussel\",\"Slider\"],\"inLanguage\":\"es\"},{\"@type\":\"WebPage\",\"@id\":\"https:\/\/gtvw.net\/es\/dialogues_aussel-1\/\",\"url\":\"https:\/\/gtvw.net\/es\/dialogues_aussel-1\/\",\"name\":\"Dialogues: Entrevista Roberto Aussel I - GTVW Music Television\",\"isPartOf\":{\"@id\":\"https:\/\/gtvw.net\/#website\"},\"primaryImageOfPage\":{\"@id\":\"https:\/\/gtvw.net\/es\/dialogues_aussel-1\/#primaryimage\"},\"image\":{\"@id\":\"https:\/\/gtvw.net\/es\/dialogues_aussel-1\/#primaryimage\"},\"thumbnailUrl\":\"https:\/\/gtvw.net\/wp-content\/uploads\/2016\/03\/portada_Dialogues_Rob_1.jpg\",\"datePublished\":\"2016-03-20T17:30:45+00:00\",\"dateModified\":\"2016-05-22T17:53:53+00:00\",\"breadcrumb\":{\"@id\":\"https:\/\/gtvw.net\/es\/dialogues_aussel-1\/#breadcrumb\"},\"inLanguage\":\"es\",\"potentialAction\":[{\"@type\":\"ReadAction\",\"target\":[\"https:\/\/gtvw.net\/es\/dialogues_aussel-1\/\"]}]},{\"@type\":\"ImageObject\",\"inLanguage\":\"es\",\"@id\":\"https:\/\/gtvw.net\/es\/dialogues_aussel-1\/#primaryimage\",\"url\":\"https:\/\/gtvw.net\/wp-content\/uploads\/2016\/03\/portada_Dialogues_Rob_1.jpg\",\"contentUrl\":\"https:\/\/gtvw.net\/wp-content\/uploads\/2016\/03\/portada_Dialogues_Rob_1.jpg\",\"width\":1920,\"height\":1080},{\"@type\":\"BreadcrumbList\",\"@id\":\"https:\/\/gtvw.net\/es\/dialogues_aussel-1\/#breadcrumb\",\"itemListElement\":[{\"@type\":\"ListItem\",\"position\":1,\"name\":\"Home\",\"item\":\"https:\/\/gtvw.net\/es\/\"},{\"@type\":\"ListItem\",\"position\":2,\"name\":\"Dialogues: Entrevista Roberto Aussel I\"}]},{\"@type\":\"WebSite\",\"@id\":\"https:\/\/gtvw.net\/#website\",\"url\":\"https:\/\/gtvw.net\/\",\"name\":\"Guitar TV World\",\"description\":\"\",\"publisher\":{\"@id\":\"https:\/\/gtvw.net\/#organization\"},\"potentialAction\":[{\"@type\":\"SearchAction\",\"target\":{\"@type\":\"EntryPoint\",\"urlTemplate\":\"https:\/\/gtvw.net\/?s={search_term_string}\"},\"query-input\":{\"@type\":\"PropertyValueSpecification\",\"valueRequired\":true,\"valueName\":\"search_term_string\"}}],\"inLanguage\":\"es\"},{\"@type\":\"Organization\",\"@id\":\"https:\/\/gtvw.net\/#organization\",\"name\":\"Guitar TV World\",\"url\":\"https:\/\/gtvw.net\/\",\"logo\":{\"@type\":\"ImageObject\",\"inLanguage\":\"es\",\"@id\":\"https:\/\/gtvw.net\/#\/schema\/logo\/image\/\",\"url\":\"https:\/\/gtvw.net\/wp-content\/uploads\/2015\/08\/Horizont_Transp_clara.png\",\"contentUrl\":\"https:\/\/gtvw.net\/wp-content\/uploads\/2015\/08\/Horizont_Transp_clara.png\",\"width\":333,\"height\":67,\"caption\":\"Guitar TV World\"},\"image\":{\"@id\":\"https:\/\/gtvw.net\/#\/schema\/logo\/image\/\"}},{\"@type\":\"Person\",\"@id\":\"https:\/\/gtvw.net\/#\/schema\/person\/c01dfbc64dde85ff3e683fe27b73c6e1\",\"name\":\"Guitar TV World\",\"image\":{\"@type\":\"ImageObject\",\"inLanguage\":\"es\",\"@id\":\"https:\/\/gtvw.net\/#\/schema\/person\/image\/\",\"url\":\"https:\/\/secure.gravatar.com\/avatar\/22d96cd4ac459955f9631d0958f38f05dc109c74dc235456b6ee2559abd29c68?s=96&r=g\",\"contentUrl\":\"https:\/\/secure.gravatar.com\/avatar\/22d96cd4ac459955f9631d0958f38f05dc109c74dc235456b6ee2559abd29c68?s=96&r=g\",\"caption\":\"Guitar TV World\"},\"url\":\"https:\/\/gtvw.net\/es\/author\/guitar-tv-world\/\"}]}<\/script>\n<!-- \/ Yoast SEO plugin. -->","yoast_head_json":{"title":"Dialogues: Entrevista Roberto Aussel I - GTVW Music Television","robots":{"index":"index","follow":"follow","max-snippet":"max-snippet:-1","max-image-preview":"max-image-preview:large","max-video-preview":"max-video-preview:-1"},"canonical":"https:\/\/gtvw.net\/es\/dialogues_aussel-1\/","og_locale":"es_ES","og_type":"article","og_title":"Dialogues: Entrevista Roberto Aussel I - GTVW Music Television","og_description":"Primera parte de la entrevista al Guitarrista argentino Roberto Aussel","og_url":"https:\/\/gtvw.net\/es\/dialogues_aussel-1\/","og_site_name":"GTVW Music Television","article_published_time":"2016-03-20T17:30:45+00:00","article_modified_time":"2016-05-22T17:53:53+00:00","og_image":[{"width":1920,"height":1080,"url":"https:\/\/gtvw.net\/wp-content\/uploads\/2016\/03\/portada_Dialogues_Rob_1.jpg","type":"image\/jpeg"}],"author":"Guitar TV World","twitter_card":"summary_large_image","twitter_misc":{"Escrito por":"Guitar TV World","Tiempo de lectura":"1 minuto"},"schema":{"@context":"https:\/\/schema.org","@graph":[{"@type":"Article","@id":"https:\/\/gtvw.net\/es\/dialogues_aussel-1\/#article","isPartOf":{"@id":"https:\/\/gtvw.net\/es\/dialogues_aussel-1\/"},"author":{"name":"Guitar TV World","@id":"https:\/\/gtvw.net\/#\/schema\/person\/c01dfbc64dde85ff3e683fe27b73c6e1"},"headline":"Dialogues: Entrevista Roberto Aussel I","datePublished":"2016-03-20T17:30:45+00:00","dateModified":"2016-05-22T17:53:53+00:00","mainEntityOfPage":{"@id":"https:\/\/gtvw.net\/es\/dialogues_aussel-1\/"},"wordCount":180,"publisher":{"@id":"https:\/\/gtvw.net\/#organization"},"image":{"@id":"https:\/\/gtvw.net\/es\/dialogues_aussel-1\/#primaryimage"},"thumbnailUrl":"https:\/\/gtvw.net\/wp-content\/uploads\/2016\/03\/portada_Dialogues_Rob_1.jpg","articleSection":["Dialogues","Roberto Aussel","Slider"],"inLanguage":"es"},{"@type":"WebPage","@id":"https:\/\/gtvw.net\/es\/dialogues_aussel-1\/","url":"https:\/\/gtvw.net\/es\/dialogues_aussel-1\/","name":"Dialogues: Entrevista Roberto Aussel I - GTVW Music Television","isPartOf":{"@id":"https:\/\/gtvw.net\/#website"},"primaryImageOfPage":{"@id":"https:\/\/gtvw.net\/es\/dialogues_aussel-1\/#primaryimage"},"image":{"@id":"https:\/\/gtvw.net\/es\/dialogues_aussel-1\/#primaryimage"},"thumbnailUrl":"https:\/\/gtvw.net\/wp-content\/uploads\/2016\/03\/portada_Dialogues_Rob_1.jpg","datePublished":"2016-03-20T17:30:45+00:00","dateModified":"2016-05-22T17:53:53+00:00","breadcrumb":{"@id":"https:\/\/gtvw.net\/es\/dialogues_aussel-1\/#breadcrumb"},"inLanguage":"es","potentialAction":[{"@type":"ReadAction","target":["https:\/\/gtvw.net\/es\/dialogues_aussel-1\/"]}]},{"@type":"ImageObject","inLanguage":"es","@id":"https:\/\/gtvw.net\/es\/dialogues_aussel-1\/#primaryimage","url":"https:\/\/gtvw.net\/wp-content\/uploads\/2016\/03\/portada_Dialogues_Rob_1.jpg","contentUrl":"https:\/\/gtvw.net\/wp-content\/uploads\/2016\/03\/portada_Dialogues_Rob_1.jpg","width":1920,"height":1080},{"@type":"BreadcrumbList","@id":"https:\/\/gtvw.net\/es\/dialogues_aussel-1\/#breadcrumb","itemListElement":[{"@type":"ListItem","position":1,"name":"Home","item":"https:\/\/gtvw.net\/es\/"},{"@type":"ListItem","position":2,"name":"Dialogues: Entrevista Roberto Aussel I"}]},{"@type":"WebSite","@id":"https:\/\/gtvw.net\/#website","url":"https:\/\/gtvw.net\/","name":"Guitar TV World","description":"","publisher":{"@id":"https:\/\/gtvw.net\/#organization"},"potentialAction":[{"@type":"SearchAction","target":{"@type":"EntryPoint","urlTemplate":"https:\/\/gtvw.net\/?s={search_term_string}"},"query-input":{"@type":"PropertyValueSpecification","valueRequired":true,"valueName":"search_term_string"}}],"inLanguage":"es"},{"@type":"Organization","@id":"https:\/\/gtvw.net\/#organization","name":"Guitar TV World","url":"https:\/\/gtvw.net\/","logo":{"@type":"ImageObject","inLanguage":"es","@id":"https:\/\/gtvw.net\/#\/schema\/logo\/image\/","url":"https:\/\/gtvw.net\/wp-content\/uploads\/2015\/08\/Horizont_Transp_clara.png","contentUrl":"https:\/\/gtvw.net\/wp-content\/uploads\/2015\/08\/Horizont_Transp_clara.png","width":333,"height":67,"caption":"Guitar TV World"},"image":{"@id":"https:\/\/gtvw.net\/#\/schema\/logo\/image\/"}},{"@type":"Person","@id":"https:\/\/gtvw.net\/#\/schema\/person\/c01dfbc64dde85ff3e683fe27b73c6e1","name":"Guitar TV World","image":{"@type":"ImageObject","inLanguage":"es","@id":"https:\/\/gtvw.net\/#\/schema\/person\/image\/","url":"https:\/\/secure.gravatar.com\/avatar\/22d96cd4ac459955f9631d0958f38f05dc109c74dc235456b6ee2559abd29c68?s=96&r=g","contentUrl":"https:\/\/secure.gravatar.com\/avatar\/22d96cd4ac459955f9631d0958f38f05dc109c74dc235456b6ee2559abd29c68?s=96&r=g","caption":"Guitar TV World"},"url":"https:\/\/gtvw.net\/es\/author\/guitar-tv-world\/"}]}},"_links":{"self":[{"href":"https:\/\/gtvw.net\/es\/wp-json\/wp\/v2\/posts\/2927","targetHints":{"allow":["GET"]}}],"collection":[{"href":"https:\/\/gtvw.net\/es\/wp-json\/wp\/v2\/posts"}],"about":[{"href":"https:\/\/gtvw.net\/es\/wp-json\/wp\/v2\/types\/post"}],"author":[{"embeddable":true,"href":"https:\/\/gtvw.net\/es\/wp-json\/wp\/v2\/users\/7"}],"replies":[{"embeddable":true,"href":"https:\/\/gtvw.net\/es\/wp-json\/wp\/v2\/comments?post=2927"}],"version-history":[{"count":4,"href":"https:\/\/gtvw.net\/es\/wp-json\/wp\/v2\/posts\/2927\/revisions"}],"predecessor-version":[{"id":3029,"href":"https:\/\/gtvw.net\/es\/wp-json\/wp\/v2\/posts\/2927\/revisions\/3029"}],"wp:featuredmedia":[{"embeddable":true,"href":"https:\/\/gtvw.net\/es\/wp-json\/wp\/v2\/media\/2912"}],"wp:attachment":[{"href":"https:\/\/gtvw.net\/es\/wp-json\/wp\/v2\/media?parent=2927"}],"wp:term":[{"taxonomy":"category","embeddable":true,"href":"https:\/\/gtvw.net\/es\/wp-json\/wp\/v2\/categories?post=2927"},{"taxonomy":"post_tag","embeddable":true,"href":"https:\/\/gtvw.net\/es\/wp-json\/wp\/v2\/tags?post=2927"},{"taxonomy":"video-series","embeddable":true,"href":"https:\/\/gtvw.net\/es\/wp-json\/wp\/v2\/video-series?post=2927"}],"curies":[{"name":"wp","href":"https:\/\/api.w.org\/{rel}","templated":true}]}}